{
    "title": "Cultural Compass: BRUSK grand opening, Medusa's origin and international performances ",
    "modified_at": "2026-05-03 07:00:02",
    "published_at": "2026-05-03 07:00:00",
    "url": "https://www.belganewsagency.eu/cultural-compass-brusk-grand-opening-medusas-origin-and-international-performances",
    "short_url": "http://prez.ly/qmEd",
    "culture": "en_BE",
    "language": "EN",
    "slug": "cultural-compass-brusk-grand-opening-medusas-origin-and-international-performances",
    "body": "<p style=\"text-align: left\"><strong>Every Sunday, Belga English picks its favourite events from the cultural agenda. This week: Bruges unveils its new art hall with two major exhibitions, audiences see the evolution of one of Greek myth&#039;s greatest characters and Brussels hosts the 31st edition of Kunstenfestivaldesarts.</strong></p><hr /><h4 id=\"brusk-grand-opening-8-may-bruges\" ><a href=\"https://bruskbrugge.be/\" target=\"_blank\" rel=\"noreferrer noopener\">BRUSK Grand Opening</a>, 8 May, Bruges</h4><p>In the heart of medieval Bruges, a striking new chapter in the city&rsquo;s cultural story is about to unfold. BRUSK opens with an ambitious vision: to bring centuries of art, history and experimentation into direct conversation with the present.</p><p>The new art hall launches with two major exhibitions that neatly capture that ambition. Refik Anadol presents his first solo exhibition in Belgium, transforming data drawn from Bruges itself, with its architecture, museum collections and urban rhythms, into an immersive AI-driven installation. Known for monumental works shown at Museum of Modern Art and the Guggenheim Museum Bilbao, Anadol blurs the boundaries between technology, memory and imagination.</p>\n    <figure\n        class=\"release-content-image release-content-image--contained release-content-image--align-center\"\n        data-component=\"image-zoom-popup\"\n        data-image-zoom-popup-selector=\".release-content-image__image\"\n        data-image-zoom-popup-i18n=\"data:application/json;base64,eyJEb3dubG9hZCI6IkRvd25sb2FkIn0=\"\n        data-image-zoom-popup-tracking-views-event=\"Story Image View\"\n        data-image-zoom-popup-tracking-download-event=\"Story Image Download\"\n        data-image-zoom-popup-placement=\"content\"\n    >\n        <div class=\"image-thumbnail-rollover\" style=\"width: 100%\">\n            <img\n                src=\"https://cdn.uc.assets.prezly.com/d1e331e3-c48f-4f41-8345-7184b0895c80/-/resize/1200x/-/format/auto/\"\n                                    srcset=\"https://cdn.uc.assets.prezly.com/d1e331e3-c48f-4f41-8345-7184b0895c80/-/resize/1200x/-/format/auto/ 1x, https://cdn.uc.assets.prezly.com/d1e331e3-c48f-4f41-8345-7184b0895c80/-/resize/2400x/-/format/auto/ 2x\"\n                                class=\"release-content-image__image image-thumbnail-rollover__image\"\n                data-description=\"Installatie The Whispering Walls R&amp;ecirc;ve in BRUSK, 2026 &amp;copy; D&amp;aacute;niel M&amp;aacute;ty&amp;aacute;s F&amp;uuml;l&amp;ouml;p\"\n                id=\"image-d1e331e3-c48f-4f41-8345-7184b0895c80\"\n                data-id=\"d1e331e3-c48f-4f41-8345-7184b0895c80\"\n                data-original=\"https://cdn.uc.assets.prezly.com/d1e331e3-c48f-4f41-8345-7184b0895c80/-/inline/no/Brusk_L_Prouvost_06032026_photo_danielmatyasfulop_047.jpg\"\n                data-mfp-src=\"https://cdn.uc.assets.prezly.com/d1e331e3-c48f-4f41-8345-7184b0895c80/-/resize/1200x/-/format/auto/\"\n                alt=\"Installatie The Whispering Walls R\u00eave in BRUSK, 2026 \u00a9 D\u00e1niel M\u00e1ty\u00e1s F\u00fcl\u00f6p\"\n            />\n            <div class=\"image-thumbnail-rollover__caption\">\n                <svg class=\"icon icon-expand image-thumbnail-rollover__caption-icon\">\n                <use xlink:href=\"#icon-expand\"></use>\n            </svg>            </div>\n        </div>\n\n        <figcaption class=\"release-content-image__caption\">Installatie The Whispering Walls R&ecirc;ve in BRUSK, 2026 &copy; D&aacute;niel M&aacute;ty&aacute;s F&uuml;l&ouml;p</figcaption>\n    </figure>\n<p>Alongside it, Bigger Picture reconsiders Bruges not as an isolated medieval city, but as a cosmopolitan crossroads connected to the wider world. Developed with historian Peter Frankopan, the exhibition brings together exceptional loans, from manuscripts of the Vatican Apostolic Library to Portrait of Mehmed II, tracing centuries of exchange between Europe, the Mediterranean and beyond.</p><p>Visitors are also greeted by a monumental new fresco by Laure Prouvost. Her 350-square-metre work, The Whispering Walls R&ecirc;ve, transforms BRUSK&rsquo;s central staircase into a dreamlike landscape filled with references to Bruges&rsquo; architecture, collections and layered history. Mirrors, glass birds and hidden details encourage visitors to slow down and look again.</p><div id=\"bookmark-d628acdb-adf3-46a4-ade5-3e70f0d702bd\"\n     class=\"release-content-bookmark release-content-bookmark--horizontal\">\n\n            <a class=\"release-content-bookmark__thumbnail\"\n           href=\"https://www.belganewsagency.eu/cultural-compass-art-brussels-returns-heritage-focuses-on-humour-and-bruges-sistine-chapel\"\n           rel=\"noopener noreferrer\"\n           target=\"_blank\"           style=\"background-image: url(https://prezly.imgix.net/https%3A%2F%2Fcdn.uc.assets.prezly.com%2F6a87a409-02a4-4881-a96b-6b23e6e6c44f%2F-%2Fpreview%2F600x600%2F?ar=1%3A1&amp;fit=crop&amp;s=55254bb64d47df6fac72eb2eea8da413)\"\n        ></a>\n    \n    <div class=\"release-content-bookmark__details\">\n\n                    <a class=\"release-content-bookmark__title\"\n               href=\"https://www.belganewsagency.eu/cultural-compass-art-brussels-returns-heritage-focuses-on-humour-and-bruges-sistine-chapel\"\n               rel=\"noopener noreferrer\"\n               target=\"_blank\"               data-type=\"bookmark\"\n               data-track=\"Story WebBookmark Click\"\n               data-placement=\"content\"\n               data-id=\"d628acdb-adf3-46a4-ade5-3e70f0d702bd\"\n           >\n                Cultural Compass: Art Brussels returns, Heritage Day focuses on humour and Bruges&#039; Sistine Chapel            </a>\n        \n                    <div class=\"release-content-bookmark__description\">\n                Every Sunday, Belga English picks its favourite events from the cultural agenda. This week: Brussels\u2019 vibrant contemporary art fair, Heritage Day...            </div>\n        \n        <a href=\"https://www.belganewsagency.eu/\"\n           target=\"_blank\"\n           rel=\"noreferrer noopener\"\n           class=\"release-content-bookmark__provider\"\n        >\n            <img class=\"release-content-bookmark__provider-icon\" src=\"https://avatars.prezly.com/favicon?url=https%3A%2F%2Fwww.belganewsagency.eu%2Fcultural-compass-art-brussels-returns-heritage-focuses-on-humour-and-bruges-sistine-chapel&newsroom=6b71e247-a9ba-4732-aaa3-88be14c119db\" aria-hidden=\"true\" />\n            belganewsagency.eu        </a>\n    </div>\n</div>\n<p>Architecturally, too, BRUSK signals a shift. The building is conceived not simply as a museum, but as a dynamic artistic meeting place. Alongside its monumental exhibition halls, BRUSK includes public spaces such as the Scala, the Forum and the Aula, as well as Bar Brusk, intended as places where visitors can encounter, discuss and experience art beyond the exhibitions themselves.</p><p>Rather than presenting art as something static or distant, BRUSK positions itself as a living cultural hub that combines contemporary experimentation, historical reflection and public exchange in the centre of Bruges.</p><hr /><h4 id=\"medusa-5-19-may-la-monnaie-brussels\" ><a href=\"https://www.lamonnaiedemunt.be/nl/program/3567-medusa?utm_source=Promotional+newsletters+and+offers&amp;utm_campaign=2fa55add70-Monthly+octobre+2025_COPY_01&amp;utm_medium=email&amp;utm_term=0_-d449f85fbb-218906667\" target=\"_blank\" rel=\"noreferrer noopener\">Medusa</a>, 5 - 19 May, La Monnaie, Brussels</h4><p>At La Monnaie, the ancient myth of Medusa is reimagined not as a tale of monstrosity, but as a deeply human tragedy. In a new production commissioned by the house, composer Iain Bell and director-librettist Lydia Steier strip away centuries of mythic distance to reveal Medusa as a woman shaped by violence, punishment and isolation.</p><div id=\"video-7b05adfa-ddab-4b9e-86be-3546987c51f8\" class=\"release-content-video release-content-video--embed release-content-video--contained\">\n    <div><div style=\"left: 0; width: 100%; height: 0; position: relative; padding-bottom: 56.25%;\"><iframe data-iframely-url=\"https://cdn.iframe.ly/api/iframe?url=https%3A%2F%2Fwww.youtube.com%2Fwatch%3Fv%3D_sSUsDm55h4%23_cb1777638842&key=8fe6cdec03482ac31f27a6ae8ea2fb3f\" data-img style=\"top: 0; left: 0; width: 100%; height: 100%; position: absolute; border: 0;\" allowfullscreen scrolling=\"no\" allow=\"accelerometer *; clipboard-write *; encrypted-media *; gyroscope *; picture-in-picture *; web-share *;\"></iframe></div></div><script async src=\"https://cdn.iframe.ly/embed.js\" charset=\"utf-8\"></script>\n</div><p>The opera follows the familiar contours of Greek mythology while radically shifting its perspective. Pursued by Poseidon and later condemned by Athena after being raped in the goddess&rsquo;s temple, Medusa becomes less a monster than the victim of divine cruelty and human ambition. Her transformation with snakes twisting from her scalp and a gaze that turns men to stone, is rendered not simply as horror, but as exile. Surrounded by the petrified bodies of those sent to kill her, she exists in a limbo between terror and loneliness.</p><p>At the centre is Claudia Boyle in the title role, portraying a Medusa who is fierce, wounded and ultimately compassionate. Particularly striking is the opera&rsquo;s final encounter with Perseus, where the expected heroic conquest gives way to recognition, tenderness and sacrifice.</p><p>The production also places Medusa within a long artistic lineage. From Leonardo da Vinci and Peter Paul Rubens to Pablo Picasso, generations of artists have been drawn to her image. Here, however, the audience is invited not to fear Medusa, but to look directly at her and reconsider who the real monsters are.</p><hr /><h4 id=\"kunstenfestivaldesarts-8-30-may-brussels\" ><a href=\"https://kfda.be/en/home/\" target=\"_blank\" rel=\"noreferrer noopener\">Kunstenfestivaldesarts</a>, 8-30 May, Brussels</h4><p>For three weeks each spring, Kunstenfestivaldesarts turns Brussels into a city of artistic detours. The festival&rsquo;s 31st edition embraces the idea of &ldquo;malleability&rdquo;, not simply as a theme, but as a way of navigating an increasingly rigid world through imagination, experimentation and reinvention.</p><p>This year&rsquo;s programme stretches across theatre, dance, performance and visual art, bringing together artists from 23 countries in a line-up that mixes internationally celebrated names with emerging voices. Fifteen productions will premiere during the festival, reinforcing its reputation as a space for risk-taking and first encounters.</p><p>One of the festival&rsquo;s most anticipated projects is A Flower of Forgetfulness by Apichatpong Weerasethakul, which transforms the chapel of Les Brigittines into a floating dreamscape of projections, shadows and drifting fabric. Drawing on personal video diaries and reflections on genocide and erasure, the immersive work explores memory as something fragile, unstable and constantly slipping away.</p><div id=\"video-cc82b702-09d2-4b70-a079-d2b59557d7cd\" class=\"release-content-video release-content-video--embed release-content-video--contained\">\n    <div><div style=\"left: 0; width: 100%; height: 0; position: relative; padding-bottom: 56.338%;\"><iframe data-iframely-url=\"https://cdn.iframe.ly/api/iframe?url=https%3A%2F%2Fvimeo.com%2F1090808557%23_cb1777638591&key=8fe6cdec03482ac31f27a6ae8ea2fb3f\" data-img style=\"top: 0; left: 0; width: 100%; height: 100%; position: absolute; border: 0;\" allowfullscreen scrolling=\"no\" allow=\"encrypted-media *;\"></iframe></div></div><script async src=\"https://cdn.iframe.ly/embed.js\" charset=\"utf-8\"></script>\n</div><p>In To Carthage then I came, theatre visionary Romeo Castellucci and sound artist Scott Gibbons take over a Brussels car park for a performance suspended between concert and ritual. Using mechanical movement, repetition and sound, the piece turns an ordinary urban space into something hypnotic and unsettling.</p><p>Meanwhile, Brazilian artist Janaina Leite brings Hist&oacute;ria do Olho to Les Halles de Schaerbeek, a provocative work examining the relationship between theatre, pornography and intimacy. Combining live music, storytelling and confrontational imagery, the performance pushes at the boundaries between vulnerability, desire and performance itself.</p><p>Just as important as the performances themselves is where they unfold. Beyond traditional theatres, audiences are drawn into swimming pools, car parks and abandoned industrial spaces. At the centre sits Th&eacute;&acirc;tre Les Tanneurs, transformed into a lively meeting place with talks, artistic karaoke and late-night gatherings.</p><hr /><p><strong>\u200b\u200b</strong>(MOH)</p><p><sup><br>\u200b#FlandersNewsService | BRUSK - WELKOM BRUSK 09.25 &copy; Femke den Hollander</sup></p><hr /><p><strong>Related news</strong></p><div id=\"bookmark-51b69d98-b9fa-41ed-8ecf-102f1fe85677\"\n     class=\"release-content-bookmark release-content-bookmark--horizontal\">\n\n            <a class=\"release-content-bookmark__thumbnail\"\n           href=\"https://www.belganewsagency.eu/ghent-puts-finishing-touches-to-floralien-2026-ahead-of-royal-opening\"\n           rel=\"noopener noreferrer\"\n           target=\"_blank\"           style=\"background-image: url(https://prezly.imgix.net/https%3A%2F%2Fcdn.uc.assets.prezly.com%2F4ae9222a-5303-4982-8fe0-0eeb581c8d14%2F-%2Fpreview%2F600x600%2F?ar=1%3A1&amp;fit=crop&amp;s=11b8f48f692f614a1ea78e55b8a45a3c)\"\n        ></a>\n    \n    <div class=\"release-content-bookmark__details\">\n\n                    <a class=\"release-content-bookmark__title\"\n               href=\"https://www.belganewsagency.eu/ghent-puts-finishing-touches-to-floralien-2026-ahead-of-royal-opening\"\n               rel=\"noopener noreferrer\"\n               target=\"_blank\"               data-type=\"bookmark\"\n               data-track=\"Story WebBookmark Click\"\n               data-placement=\"content\"\n               data-id=\"51b69d98-b9fa-41ed-8ecf-102f1fe85677\"\n           >\n                Ghent puts finishing touches to Florali\u00ebn 2026 ahead of royal opening            </a>\n        \n                    <div class=\"release-content-bookmark__description\">\n                Hundreds of florists, decorators, ornamental plant growers and horticultural professionals are putting the finishing touches to Florali\u00ebn Ghent...            </div>\n        \n        <a href=\"https://www.belganewsagency.eu/\"\n           target=\"_blank\"\n           rel=\"noreferrer noopener\"\n           class=\"release-content-bookmark__provider\"\n        >\n            <img class=\"release-content-bookmark__provider-icon\" src=\"https://avatars.prezly.com/favicon?url=https%3A%2F%2Fwww.belganewsagency.eu%2Fghent-puts-finishing-touches-to-floralien-2026-ahead-of-royal-opening&newsroom=6b71e247-a9ba-4732-aaa3-88be14c119db\" aria-hidden=\"true\" />\n            belganewsagency.eu        </a>\n    </div>\n</div>\n<div id=\"bookmark-f6c20af8-20eb-45e5-82be-75c2d3be01aa\"\n     class=\"release-content-bookmark release-content-bookmark--horizontal\">\n\n            <a class=\"release-content-bookmark__thumbnail\"\n           href=\"https://www.belganewsagency.eu/laughing-through-history-heritage-day-2026-celebrates-humour\"\n           rel=\"noopener noreferrer\"\n           target=\"_blank\"           style=\"background-image: url(https://prezly.imgix.net/https%3A%2F%2Fcdn.uc.assets.prezly.com%2Fc9e2f4a6-d376-4f3d-8484-2ba215719287%2F-%2Fpreview%2F600x600%2F?ar=1%3A1&amp;fit=crop&amp;s=bffbb36038efb23b3cf51ec0d2f15193)\"\n        ></a>\n    \n    <div class=\"release-content-bookmark__details\">\n\n                    <a class=\"release-content-bookmark__title\"\n               href=\"https://www.belganewsagency.eu/laughing-through-history-heritage-day-2026-celebrates-humour\"\n               rel=\"noopener noreferrer\"\n               target=\"_blank\"               data-type=\"bookmark\"\n               data-track=\"Story WebBookmark Click\"\n               data-placement=\"content\"\n               data-id=\"f6c20af8-20eb-45e5-82be-75c2d3be01aa\"\n           >\n                Laughing through history: Heritage Day 2026 celebrates humour            </a>\n        \n                    <div class=\"release-content-bookmark__description\">\n                The 25th edition of Heritage Day places humour centre stage this Sunday, with 737 activities across 552 locations in 247 cities and...            </div>\n        \n        <a href=\"https://www.belganewsagency.eu/\"\n           target=\"_blank\"\n           rel=\"noreferrer noopener\"\n           class=\"release-content-bookmark__provider\"\n        >\n            <img class=\"release-content-bookmark__provider-icon\" src=\"https://avatars.prezly.com/favicon?url=https%3A%2F%2Fwww.belganewsagency.eu%2Flaughing-through-history-heritage-day-2026-celebrates-humour&newsroom=6b71e247-a9ba-4732-aaa3-88be14c119db\" aria-hidden=\"true\" />\n            belganewsagency.eu        </a>\n    </div>\n</div>\n<div id=\"bookmark-79c5a764-ca14-477c-9b0c-791cce9e93b0\"\n     class=\"release-content-bookmark release-content-bookmark--horizontal\">\n\n            <a class=\"release-content-bookmark__thumbnail\"\n           href=\"https://www.belganewsagency.eu/flanders-establishes-commission-for-restitution-of-nazi-looted-art\"\n           rel=\"noopener noreferrer\"\n           target=\"_blank\"           style=\"background-image: url(https://prezly.imgix.net/https%3A%2F%2Fcdn.uc.assets.prezly.com%2F3ef88208-85ca-4024-9f68-ed51d3ed2935%2F-%2Fpreview%2F600x600%2F?ar=1%3A1&amp;fit=crop&amp;s=c5da9502c89a055d47a51b20051ed704)\"\n        ></a>\n    \n    <div class=\"release-content-bookmark__details\">\n\n                    <a class=\"release-content-bookmark__title\"\n               href=\"https://www.belganewsagency.eu/flanders-establishes-commission-for-restitution-of-nazi-looted-art\"\n               rel=\"noopener noreferrer\"\n               target=\"_blank\"               data-type=\"bookmark\"\n               data-track=\"Story WebBookmark Click\"\n               data-placement=\"content\"\n               data-id=\"79c5a764-ca14-477c-9b0c-791cce9e93b0\"\n           >\n                Flanders establishes commission for restitution of Nazi-looted art            </a>\n        \n                    <div class=\"release-content-bookmark__description\">\n                Flanders is establishing a permanent commission for the restitution of Nazi-looted art, the government decided earlier this week, according to the...            </div>\n        \n        <a href=\"https://www.belganewsagency.eu/\"\n           target=\"_blank\"\n           rel=\"noreferrer noopener\"\n           class=\"release-content-bookmark__provider\"\n        >\n            <img class=\"release-content-bookmark__provider-icon\" src=\"https://avatars.prezly.com/favicon?url=https%3A%2F%2Fwww.belganewsagency.eu%2Fflanders-establishes-commission-for-restitution-of-nazi-looted-art&newsroom=6b71e247-a9ba-4732-aaa3-88be14c119db\" aria-hidden=\"true\" />\n            belganewsagency.eu        </a>\n    </div>\n</div>\n<div id=\"bookmark-688031c2-10c6-43b4-908c-31d803ef024b\"\n     class=\"release-content-bookmark release-content-bookmark--horizontal\">\n\n            <a class=\"release-content-bookmark__thumbnail\"\n           href=\"https://www.belganewsagency.eu/allez-allez-belgium-unveils-official-world-cup-anthem\"\n           rel=\"noopener noreferrer\"\n           target=\"_blank\"           style=\"background-image: url(https://prezly.imgix.net/https%3A%2F%2Fcdn.uc.assets.prezly.com%2Fe2a674b1-d32b-4658-9bc5-7d13080d20d9%2F-%2Fpreview%2F600x600%2F?ar=1%3A1&amp;fit=crop&amp;s=707269361ca3849b128a164589d5e676)\"\n        ></a>\n    \n    <div class=\"release-content-bookmark__details\">\n\n                    <a class=\"release-content-bookmark__title\"\n               href=\"https://www.belganewsagency.eu/allez-allez-belgium-unveils-official-world-cup-anthem\"\n               rel=\"noopener noreferrer\"\n               target=\"_blank\"               data-type=\"bookmark\"\n               data-track=\"Story WebBookmark Click\"\n               data-placement=\"content\"\n               data-id=\"688031c2-10c6-43b4-908c-31d803ef024b\"\n           >\n                Allez Allez: Belgium unveils official World Cup anthem            </a>\n        \n                    <div class=\"release-content-bookmark__description\">\n                The Belgian FA has launched its official World Cup anthem. Kiss The Grass (Allez Allez) is a collaboration between Flemish singer Sylvie Kreusch...            </div>\n        \n        <a href=\"https://www.belganewsagency.eu/\"\n           target=\"_blank\"\n           rel=\"noreferrer noopener\"\n           class=\"release-content-bookmark__provider\"\n        >\n            <img class=\"release-content-bookmark__provider-icon\" src=\"https://avatars.prezly.com/favicon?url=https%3A%2F%2Fwww.belganewsagency.eu%2Fallez-allez-belgium-unveils-official-world-cup-anthem&newsroom=6b71e247-a9ba-4732-aaa3-88be14c119db\" aria-hidden=\"true\" />\n            belganewsagency.eu        </a>\n    </div>\n</div>\n<div id=\"bookmark-c89a3b3c-bc77-4c5e-9eb7-29a335adb60f\"\n     class=\"release-content-bookmark release-content-bookmark--horizontal\">\n\n            <a class=\"release-content-bookmark__thumbnail\"\n           href=\"https://www.belganewsagency.eu/kmska-combines-floral-art-with-museum-collection\"\n           rel=\"noopener noreferrer\"\n           target=\"_blank\"           style=\"background-image: url(https://prezly.imgix.net/https%3A%2F%2Fcdn.uc.assets.prezly.com%2F1fea5b35-3470-4823-8be8-4b51c93b9a4e%2F-%2Fpreview%2F600x600%2F?ar=1%3A1&amp;fit=crop&amp;s=d0aa1c8e86d5c7b6a6adea666c90d343)\"\n        ></a>\n    \n    <div class=\"release-content-bookmark__details\">\n\n                    <a class=\"release-content-bookmark__title\"\n               href=\"https://www.belganewsagency.eu/kmska-combines-floral-art-with-museum-collection\"\n               rel=\"noopener noreferrer\"\n               target=\"_blank\"               data-type=\"bookmark\"\n               data-track=\"Story WebBookmark Click\"\n               data-placement=\"content\"\n               data-id=\"c89a3b3c-bc77-4c5e-9eb7-29a335adb60f\"\n           >\n                KMSKA combines floral art with museum collection            </a>\n        \n                    <div class=\"release-content-bookmark__description\">\n                A new exhibition at the Royal Museum of Fine Arts Antwerp features a dialogue between contemporary floral art and works from the museum\u2019s...            </div>\n        \n        <a href=\"https://www.belganewsagency.eu/\"\n           target=\"_blank\"\n           rel=\"noreferrer noopener\"\n           class=\"release-content-bookmark__provider\"\n        >\n            <img class=\"release-content-bookmark__provider-icon\" src=\"https://avatars.prezly.com/favicon?url=https%3A%2F%2Fwww.belganewsagency.eu%2Fkmska-combines-floral-art-with-museum-collection&newsroom=6b71e247-a9ba-4732-aaa3-88be14c119db\" aria-hidden=\"true\" />\n            belganewsagency.eu        </a>\n    </div>\n</div>\n<div id=\"bookmark-b558261a-2c1d-47f9-b8f1-3572b348b908\"\n     class=\"release-content-bookmark release-content-bookmark--horizontal\">\n\n            <a class=\"release-content-bookmark__thumbnail\"\n           href=\"https://www.belganewsagency.eu/nile-rodgers-to-headline-us-independence-celebration-in-brussels\"\n           rel=\"noopener noreferrer\"\n           target=\"_blank\"           style=\"background-image: url(https://prezly.imgix.net/https%3A%2F%2Fcdn.uc.assets.prezly.com%2F3d3c7001-034d-49cc-bac7-0ea148b2826f%2F-%2Fpreview%2F600x600%2F?ar=1%3A1&amp;fit=crop&amp;s=1c6bd376683bf38ec5af2a695304851c)\"\n        ></a>\n    \n    <div class=\"release-content-bookmark__details\">\n\n                    <a class=\"release-content-bookmark__title\"\n               href=\"https://www.belganewsagency.eu/nile-rodgers-to-headline-us-independence-celebration-in-brussels\"\n               rel=\"noopener noreferrer\"\n               target=\"_blank\"               data-type=\"bookmark\"\n               data-track=\"Story WebBookmark Click\"\n               data-placement=\"content\"\n               data-id=\"b558261a-2c1d-47f9-b8f1-3572b348b908\"\n           >\n                Nile Rodgers to headline US independence celebration in Brussels            </a>\n        \n                    <div class=\"release-content-bookmark__description\">\n                US ambassador to Belgium Bill White has announced that musician Nile Rodgers will headline a major event marking 250 years of American...            </div>\n        \n        <a href=\"https://www.belganewsagency.eu/\"\n           target=\"_blank\"\n           rel=\"noreferrer noopener\"\n           class=\"release-content-bookmark__provider\"\n        >\n            <img class=\"release-content-bookmark__provider-icon\" src=\"https://avatars.prezly.com/favicon?url=https%3A%2F%2Fwww.belganewsagency.eu%2Fnile-rodgers-to-headline-us-independence-celebration-in-brussels&newsroom=6b71e247-a9ba-4732-aaa3-88be14c119db\" aria-hidden=\"true\" />\n            belganewsagency.eu        </a>\n    </div>\n</div>\n<p>&nbsp;</p>",
    "header": {
        "large": "https://cdn.uc.assets.prezly.com/54c01e50-bf36-483e-bc9b-eee12aac9fe3/-/preview/1200x1200/-/format/auto/",
        "release": "https://cdn.uc.assets.prezly.com/54c01e50-bf36-483e-bc9b-eee12aac9fe3/-/preview/1200x1200/-/format/auto/"
    },
    "videos": [
        {
            "caption": "Creating the opera 'Medusa' | Iain Bell & Lydia Steier",
            "thumbnail": "https://img.youtube.com/vi/_sSUsDm55h4/maxresdefault.jpg",
            "url": "https://www.youtube.com/watch?v=_sSUsDm55h4",
            "embed": "<div><div style=\"left: 0; width: 100%; height: 0; position: relative; padding-bottom: 56.25%;\"><iframe data-iframely-url=\"https://cdn.iframe.ly/api/iframe?url=https%3A%2F%2Fwww.youtube.com%2Fwatch%3Fv%3D_sSUsDm55h4%23_cb1777638842&key=8fe6cdec03482ac31f27a6ae8ea2fb3f\" data-img style=\"top: 0; left: 0; width: 100%; height: 100%; position: absolute; border: 0;\" allowfullscreen scrolling=\"no\" allow=\"accelerometer *; clipboard-write *; encrypted-media *; gyroscope *; picture-in-picture *; web-share *;\"></iframe></div></div><script async src=\"https://cdn.iframe.ly/embed.js\" charset=\"utf-8\"></script>"
        },
        {
            "caption": "Aftermovie | Kunstenfestivaldesarts 2025",
            "thumbnail": "https://i.vimeocdn.com/video/2023498058-f69c33968681c5618700d3a62a94c8e49d047baa94287e1662e061da8e2a22ac-d?f=webp&region=us",
            "url": "https://vimeo.com/1090808557",
            "embed": "<div><div style=\"left: 0; width: 100%; height: 0; position: relative; padding-bottom: 56.338%;\"><iframe data-iframely-url=\"https://cdn.iframe.ly/api/iframe?url=https%3A%2F%2Fvimeo.com%2F1090808557%23_cb1777638591&key=8fe6cdec03482ac31f27a6ae8ea2fb3f\" data-img style=\"top: 0; left: 0; width: 100%; height: 100%; position: absolute; border: 0;\" allowfullscreen scrolling=\"no\" allow=\"encrypted-media *;\"></iframe></div></div><script async src=\"https://cdn.iframe.ly/embed.js\" charset=\"utf-8\"></script>"
        }
    ],
    "images": [
        {
            "caption": "Installatie The Whispering Walls R\u00eave in BRUSK, 2026 \u00a9 D\u00e1niel M\u00e1ty\u00e1s F\u00fcl\u00f6p",
            "original": "https://cdn.uc.assets.prezly.com/d1e331e3-c48f-4f41-8345-7184b0895c80/",
            "medium": "https://cdn.uc.assets.prezly.com/d1e331e3-c48f-4f41-8345-7184b0895c80/-/preview/500x500/-/format/auto/",
            "small": "https://cdn.uc.assets.prezly.com/d1e331e3-c48f-4f41-8345-7184b0895c80/-/preview/200x200/-/format/auto/",
            "thumbnail": "https://cdn.uc.assets.prezly.com/d1e331e3-c48f-4f41-8345-7184b0895c80/-/preview/100x100/-/format/auto/",
            "square": "https://cdn.uc.assets.prezly.com/d1e331e3-c48f-4f41-8345-7184b0895c80/-/scale_crop/200x200/center/-/format/auto/",
            "squaresmall": "https://cdn.uc.assets.prezly.com/d1e331e3-c48f-4f41-8345-7184b0895c80/-/scale_crop/58x58/center/-/format/auto/"
        }
    ],
    "links": [
        {
            "description": "Cultural Compass: Art Brussels returns, Heritage Day focuses on humour and Bruges' Sistine Chapel",
            "url": "https://www.belganewsagency.eu/cultural-compass-art-brussels-returns-heritage-focuses-on-humour-and-bruges-sistine-chapel"
        },
        {
            "description": "Ghent puts finishing touches to Florali\u00ebn 2026 ahead of royal opening",
            "url": "https://www.belganewsagency.eu/ghent-puts-finishing-touches-to-floralien-2026-ahead-of-royal-opening"
        },
        {
            "description": "Laughing through history: Heritage Day 2026 celebrates humour",
            "url": "https://www.belganewsagency.eu/laughing-through-history-heritage-day-2026-celebrates-humour"
        },
        {
            "description": "Flanders establishes commission for restitution of Nazi-looted art",
            "url": "https://www.belganewsagency.eu/flanders-establishes-commission-for-restitution-of-nazi-looted-art"
        },
        {
            "description": "Allez Allez: Belgium unveils official World Cup anthem",
            "url": "https://www.belganewsagency.eu/allez-allez-belgium-unveils-official-world-cup-anthem"
        },
        {
            "description": "KMSKA combines floral art with museum collection",
            "url": "https://www.belganewsagency.eu/kmska-combines-floral-art-with-museum-collection"
        },
        {
            "description": "Nile Rodgers to headline US independence celebration in Brussels",
            "url": "https://www.belganewsagency.eu/nile-rodgers-to-headline-us-independence-celebration-in-brussels"
        }
    ],
    "author": {
        "first_name": "Flanders",
        "last_name": "News Service"
    },
    "format_version": 5
}